{"id":8598,"date":"2011-05-24T06:35:54","date_gmt":"2011-05-24T04:35:54","guid":{"rendered":"http:\/\/www.lebanesesaints.com\/Home\/?p=8598"},"modified":"2011-05-24T06:35:54","modified_gmt":"2011-05-24T04:35:54","slug":"story-of-the-day-es-240511","status":"publish","type":"post","link":"https:\/\/www.lebanesesaints.com\/Home\/uncategorized\/story-of-the-day-es-240511\/","title":{"rendered":"Story of The Day ES- 24\/05\/11"},"content":{"rendered":"<p><span style=\"text-decoration: underline;\"><strong>Evangelio seg\u00fan San Juan 14,27-31.<\/strong><\/span><br \/>\n<strong>Les dejo la paz, les doy mi paz, pero no como la da el mundo. \u00a1 No se inquieten ni teman !<\/strong><br \/>\n<strong>Me han o\u00eddo decir: &#8216;Me voy y volver\u00e9 a ustedes&#8217;. Si me amaran, se alegrar\u00edan de que vuelva junto al Padre, porque el Padre es m\u00e1s grande que yo.<\/strong><br \/>\n<strong>Les he dicho esto antes que suceda, para que cuando se cumpla, ustedes crean.<\/strong><br \/>\n<strong>Ya no hablar\u00e9 mucho m\u00e1s con ustedes, porque est\u00e1 por llegar el Pr\u00edncipe de este mundo: \u00e9l nada puede hacer contra m\u00ed,<\/strong><br \/>\n<strong>pero es necesario que el mundo sepa que yo amo al Padre y obro como \u00e9l me ha ordenado. Lev\u00e1ntense, salgamos de aqu\u00ed.<\/strong><\/p>\n","protected":false},"excerpt":{"rendered":"<p>Evangelio seg\u00fan San Juan 14,27-31. Les dejo la paz, les doy mi paz, pero no como la da el mundo. \u00a1 No se inquieten ni teman ! Me han o\u00eddo [&hellip;]<\/p>\n","protected":false},"author":1,"featured_media":0,"comment_status":"open","ping_status":"open","sticky":false,"template":"","format":"standard","meta":{"_jetpack_memberships_contains_paid_content":false,"footnotes":"","jetpack_publicize_message":"","jetpack_publicize_feature_enabled":true,"jetpack_social_post_already_shared":false,"jetpack_social_options":{"image_generator_settings":{"template":"highway","default_image_id":0,"font":"","enabled":false},"version":2}},"categories":[1],"tags":[],"class_list":["post-8598","post","type-post","status-publish","format-standard","hentry","category-uncategorized"],"jetpack_publicize_connections":[],"jetpack_featured_media_url":"","jetpack_sharing_enabled":true,"_links":{"self":[{"href":"https:\/\/www.lebanesesaints.com\/Home\/wp-json\/wp\/v2\/posts\/8598","targetHints":{"allow":["GET"]}}],"collection":[{"href":"https:\/\/www.lebanesesaints.com\/Home\/wp-json\/wp\/v2\/posts"}],"about":[{"href":"https:\/\/www.lebanesesaints.com\/Home\/wp-json\/wp\/v2\/types\/post"}],"author":[{"embeddable":true,"href":"https:\/\/www.lebanesesaints.com\/Home\/wp-json\/wp\/v2\/users\/1"}],"replies":[{"embeddable":true,"href":"https:\/\/www.lebanesesaints.com\/Home\/wp-json\/wp\/v2\/comments?post=8598"}],"version-history":[{"count":2,"href":"https:\/\/www.lebanesesaints.com\/Home\/wp-json\/wp\/v2\/posts\/8598\/revisions"}],"predecessor-version":[{"id":8606,"href":"https:\/\/www.lebanesesaints.com\/Home\/wp-json\/wp\/v2\/posts\/8598\/revisions\/8606"}],"wp:attachment":[{"href":"https:\/\/www.lebanesesaints.com\/Home\/wp-json\/wp\/v2\/media?parent=8598"}],"wp:term":[{"taxonomy":"category","embeddable":true,"href":"https:\/\/www.lebanesesaints.com\/Home\/wp-json\/wp\/v2\/categories?post=8598"},{"taxonomy":"post_tag","embeddable":true,"href":"https:\/\/www.lebanesesaints.com\/Home\/wp-json\/wp\/v2\/tags?post=8598"}],"curies":[{"name":"wp","href":"https:\/\/api.w.org\/{rel}","templated":true}]}}