{"id":8597,"date":"2011-05-24T06:35:54","date_gmt":"2011-05-24T04:35:54","guid":{"rendered":"http:\/\/www.lebanesesaints.com\/Home\/?p=8597"},"modified":"2011-05-24T06:35:54","modified_gmt":"2011-05-24T04:35:54","slug":"story-of-the-day-it-240511","status":"publish","type":"post","link":"https:\/\/www.lebanesesaints.com\/Home\/uncategorized\/story-of-the-day-it-240511\/","title":{"rendered":"Story of The Day IT- 24\/05\/11"},"content":{"rendered":"<p><span style=\"text-decoration: underline;\"><strong>Dal Vangelo di Ges\u00f9 Cristo secondo Giovanni 14,27-31.<\/strong><\/span><br \/>\n<strong>Vi lascio la pace, vi do la mia pace. Non come la d\u00e0 il mondo, io la do a voi. Non sia turbato il vostro cuore e non abbia timore.<\/strong><br \/>\n<strong>Avete udito che vi ho detto: Vado e torner\u00f2 a voi; se mi amaste, vi rallegrereste che io vado dal Padre, perch\u00e9 il Padre \u00e8 pi\u00f9 grande di me.<\/strong><br \/>\n<strong>Ve l&#8217;ho detto adesso, prima che avvenga, perch\u00e9 quando avverr\u00e0, voi crediate.<\/strong><br \/>\n<strong>Non parler\u00f2 pi\u00f9 a lungo con voi, perch\u00e9 viene il principe del mondo; egli non ha nessun potere su di me,<\/strong><br \/>\n<strong>ma bisogna che il mondo sappia che io amo il Padre e faccio quello che il Padre mi ha comandato. Alzatevi, andiamo via di qui\u00bb.<\/strong><\/p>\n","protected":false},"excerpt":{"rendered":"<p>Dal Vangelo di Ges\u00f9 Cristo secondo Giovanni 14,27-31. Vi lascio la pace, vi do la mia pace. Non come la d\u00e0 il mondo, io la do a voi. Non sia [&hellip;]<\/p>\n","protected":false},"author":1,"featured_media":0,"comment_status":"open","ping_status":"open","sticky":false,"template":"","format":"standard","meta":{"_jetpack_memberships_contains_paid_content":false,"footnotes":"","jetpack_publicize_message":"","jetpack_publicize_feature_enabled":true,"jetpack_social_post_already_shared":false,"jetpack_social_options":{"image_generator_settings":{"template":"highway","default_image_id":0,"font":"","enabled":false},"version":2}},"categories":[1],"tags":[],"class_list":["post-8597","post","type-post","status-publish","format-standard","hentry","category-uncategorized"],"jetpack_publicize_connections":[],"jetpack_featured_media_url":"","jetpack_sharing_enabled":true,"_links":{"self":[{"href":"https:\/\/www.lebanesesaints.com\/Home\/wp-json\/wp\/v2\/posts\/8597","targetHints":{"allow":["GET"]}}],"collection":[{"href":"https:\/\/www.lebanesesaints.com\/Home\/wp-json\/wp\/v2\/posts"}],"about":[{"href":"https:\/\/www.lebanesesaints.com\/Home\/wp-json\/wp\/v2\/types\/post"}],"author":[{"embeddable":true,"href":"https:\/\/www.lebanesesaints.com\/Home\/wp-json\/wp\/v2\/users\/1"}],"replies":[{"embeddable":true,"href":"https:\/\/www.lebanesesaints.com\/Home\/wp-json\/wp\/v2\/comments?post=8597"}],"version-history":[{"count":2,"href":"https:\/\/www.lebanesesaints.com\/Home\/wp-json\/wp\/v2\/posts\/8597\/revisions"}],"predecessor-version":[{"id":8610,"href":"https:\/\/www.lebanesesaints.com\/Home\/wp-json\/wp\/v2\/posts\/8597\/revisions\/8610"}],"wp:attachment":[{"href":"https:\/\/www.lebanesesaints.com\/Home\/wp-json\/wp\/v2\/media?parent=8597"}],"wp:term":[{"taxonomy":"category","embeddable":true,"href":"https:\/\/www.lebanesesaints.com\/Home\/wp-json\/wp\/v2\/categories?post=8597"},{"taxonomy":"post_tag","embeddable":true,"href":"https:\/\/www.lebanesesaints.com\/Home\/wp-json\/wp\/v2\/tags?post=8597"}],"curies":[{"name":"wp","href":"https:\/\/api.w.org\/{rel}","templated":true}]}}