{"id":8576,"date":"2011-05-23T06:29:02","date_gmt":"2011-05-23T04:29:02","guid":{"rendered":"http:\/\/www.lebanesesaints.com\/Home\/?p=8576"},"modified":"2011-05-23T06:29:02","modified_gmt":"2011-05-23T04:29:02","slug":"story-of-the-day-fr-230511","status":"publish","type":"post","link":"https:\/\/www.lebanesesaints.com\/Home\/uncategorized\/story-of-the-day-fr-230511\/","title":{"rendered":"Story of The Day FR- 23\/05\/11"},"content":{"rendered":"<p><span style=\"text-decoration: underline;\"><strong>\u00c9vangile de J\u00e9sus-Christ selon saint Jean 14,21-26.<\/strong><\/span><br \/>\n<strong>A l&#8217;heure o\u00f9 J\u00e9sus passait de ce monde \u00e0 son P\u00e8re, il disait \u00e0 ses disciples : &#8221; Celui qui a re\u00e7u mes commandements et y reste fid\u00e8le, c&#8217;est celui-l\u00e0 qui m&#8217;aime; et celui qui m&#8217;aime sera aim\u00e9 de mon P\u00e8re; moi aussi je l&#8217;aimerai, et je me manifesterai \u00e0 lui. &#8220;<\/strong><br \/>\n<strong>Jude lui demanda : \u00ab Seigneur, pour quelle raison vas-tu te manifester \u00e0 nous, et non pas au monde ? \u00bb<\/strong><br \/>\n<strong>J\u00e9sus dit alors \u00e0 ses disciples : \u00ab Si quelqu&#8217;un m&#8217;aime, il restera fid\u00e8le \u00e0 ma parole ; mon P\u00e8re l&#8217;aimera, nous viendrons chez lui, nous irons demeurer aupr\u00e8s de lui.<\/strong><br \/>\n<strong>Celui qui ne m&#8217;aime pas ne restera pas fid\u00e8le \u00e0 mes paroles. Or, la parole que vous entendez n&#8217;est pas de moi : elle est du P\u00e8re, qui m&#8217;a envoy\u00e9.<\/strong><br \/>\n<strong>Je vous dis tout cela pendant que je demeure encore avec vous ;<\/strong><br \/>\n<strong>mais le D\u00e9fenseur, l&#8217;Esprit Saint que le P\u00e8re enverra en mon nom, lui, vous enseignera tout, et il vous fera souvenir de tout ce que je vous ai dit.<\/strong><\/p>\n","protected":false},"excerpt":{"rendered":"<p>\u00c9vangile de J\u00e9sus-Christ selon saint Jean 14,21-26. A l&#8217;heure o\u00f9 J\u00e9sus passait de ce monde \u00e0 son P\u00e8re, il disait \u00e0 ses disciples : &#8221; Celui qui a re\u00e7u mes [&hellip;]<\/p>\n","protected":false},"author":1,"featured_media":0,"comment_status":"open","ping_status":"open","sticky":false,"template":"","format":"standard","meta":{"_jetpack_memberships_contains_paid_content":false,"footnotes":"","jetpack_publicize_message":"","jetpack_publicize_feature_enabled":true,"jetpack_social_post_already_shared":false,"jetpack_social_options":{"image_generator_settings":{"template":"highway","default_image_id":0,"font":"","enabled":false},"version":2}},"categories":[1],"tags":[],"class_list":["post-8576","post","type-post","status-publish","format-standard","hentry","category-uncategorized"],"jetpack_publicize_connections":[],"jetpack_featured_media_url":"","jetpack_sharing_enabled":true,"_links":{"self":[{"href":"https:\/\/www.lebanesesaints.com\/Home\/wp-json\/wp\/v2\/posts\/8576","targetHints":{"allow":["GET"]}}],"collection":[{"href":"https:\/\/www.lebanesesaints.com\/Home\/wp-json\/wp\/v2\/posts"}],"about":[{"href":"https:\/\/www.lebanesesaints.com\/Home\/wp-json\/wp\/v2\/types\/post"}],"author":[{"embeddable":true,"href":"https:\/\/www.lebanesesaints.com\/Home\/wp-json\/wp\/v2\/users\/1"}],"replies":[{"embeddable":true,"href":"https:\/\/www.lebanesesaints.com\/Home\/wp-json\/wp\/v2\/comments?post=8576"}],"version-history":[{"count":2,"href":"https:\/\/www.lebanesesaints.com\/Home\/wp-json\/wp\/v2\/posts\/8576\/revisions"}],"predecessor-version":[{"id":8590,"href":"https:\/\/www.lebanesesaints.com\/Home\/wp-json\/wp\/v2\/posts\/8576\/revisions\/8590"}],"wp:attachment":[{"href":"https:\/\/www.lebanesesaints.com\/Home\/wp-json\/wp\/v2\/media?parent=8576"}],"wp:term":[{"taxonomy":"category","embeddable":true,"href":"https:\/\/www.lebanesesaints.com\/Home\/wp-json\/wp\/v2\/categories?post=8576"},{"taxonomy":"post_tag","embeddable":true,"href":"https:\/\/www.lebanesesaints.com\/Home\/wp-json\/wp\/v2\/tags?post=8576"}],"curies":[{"name":"wp","href":"https:\/\/api.w.org\/{rel}","templated":true}]}}