{"id":8543,"date":"2011-05-21T10:26:49","date_gmt":"2011-05-21T08:26:49","guid":{"rendered":"http:\/\/www.lebanesesaints.com\/Home\/?p=8543"},"modified":"2011-05-21T10:26:49","modified_gmt":"2011-05-21T08:26:49","slug":"story-of-the-day-fr-210511","status":"publish","type":"post","link":"https:\/\/www.lebanesesaints.com\/Home\/uncategorized\/story-of-the-day-fr-210511\/","title":{"rendered":"Story of The Day FR- 21\/05\/11"},"content":{"rendered":"<p><span style=\"text-decoration: underline;\"><strong>\u00c9vangile de J\u00e9sus-Christ selon saint Jean 14,7-14.<\/strong><\/span><br \/>\n<strong>A l&#8217;heure o\u00f9 J\u00e9sus passait de ce monde \u00e0 son P\u00e8re, il disait \u00e0 ses disciples : &#8221; Puisque vous me connaissez, vous conna\u00eetrez aussi mon P\u00e8re. D\u00e8s maintenant vous le connaissez, et vous l&#8217;avez vu.&#8221;<\/strong><br \/>\n<strong>Philippe lui dit : \u00ab Seigneur, montre-nous le P\u00e8re ; cela nous suffit. \u00bb<\/strong><br \/>\n<strong>J\u00e9sus lui r\u00e9pond : \u00ab Il y a si longtemps que je suis avec vous, et tu ne me connais pas, Philippe ! Celui qui m&#8217;a vu a vu le P\u00e8re.<\/strong><br \/>\n<strong>Comment peux-tu dire : &#8216;Montre-nous le P\u00e8re&#8217; ? Tu ne crois donc pas que je suis dans le P\u00e8re et que le P\u00e8re est en moi ! Les paroles que je vous dis, je ne les dis pas de moi-m\u00eame ; mais c&#8217;est le P\u00e8re qui demeure en moi, et qui accomplit ses propres \u0153uvres.<\/strong><br \/>\n<strong>Croyez ce que je vous dis : je suis dans le P\u00e8re, et le P\u00e8re est en moi ; si vous ne croyez pas ma parole, croyez au moins \u00e0 cause des \u0153uvres.<\/strong><br \/>\n<strong>Amen, amen, je vous le dis : celui qui croit en moi accomplira les m\u00eames \u0153uvres que moi. Il en accomplira m\u00eame de plus grandes, puisque je pars vers le P\u00e8re.<\/strong><br \/>\n<strong>Tout ce que vous demanderez en invoquant mon nom, je le ferai, afin que le P\u00e8re soit glorifi\u00e9 dans le Fils.<\/strong><br \/>\n<strong>Si vous me demandez quelque chose en invoquant mon nom, moi, je le ferai.<\/strong><\/p>\n","protected":false},"excerpt":{"rendered":"<p>\u00c9vangile de J\u00e9sus-Christ selon saint Jean 14,7-14. A l&#8217;heure o\u00f9 J\u00e9sus passait de ce monde \u00e0 son P\u00e8re, il disait \u00e0 ses disciples : &#8221; Puisque vous me connaissez, vous [&hellip;]<\/p>\n","protected":false},"author":1,"featured_media":0,"comment_status":"open","ping_status":"open","sticky":false,"template":"","format":"standard","meta":{"_jetpack_memberships_contains_paid_content":false,"footnotes":"","jetpack_publicize_message":"","jetpack_publicize_feature_enabled":true,"jetpack_social_post_already_shared":false,"jetpack_social_options":{"image_generator_settings":{"template":"highway","default_image_id":0,"font":"","enabled":false},"version":2}},"categories":[1],"tags":[],"class_list":["post-8543","post","type-post","status-publish","format-standard","hentry","category-uncategorized"],"jetpack_publicize_connections":[],"jetpack_featured_media_url":"","jetpack_sharing_enabled":true,"_links":{"self":[{"href":"https:\/\/www.lebanesesaints.com\/Home\/wp-json\/wp\/v2\/posts\/8543","targetHints":{"allow":["GET"]}}],"collection":[{"href":"https:\/\/www.lebanesesaints.com\/Home\/wp-json\/wp\/v2\/posts"}],"about":[{"href":"https:\/\/www.lebanesesaints.com\/Home\/wp-json\/wp\/v2\/types\/post"}],"author":[{"embeddable":true,"href":"https:\/\/www.lebanesesaints.com\/Home\/wp-json\/wp\/v2\/users\/1"}],"replies":[{"embeddable":true,"href":"https:\/\/www.lebanesesaints.com\/Home\/wp-json\/wp\/v2\/comments?post=8543"}],"version-history":[{"count":2,"href":"https:\/\/www.lebanesesaints.com\/Home\/wp-json\/wp\/v2\/posts\/8543\/revisions"}],"predecessor-version":[{"id":8557,"href":"https:\/\/www.lebanesesaints.com\/Home\/wp-json\/wp\/v2\/posts\/8543\/revisions\/8557"}],"wp:attachment":[{"href":"https:\/\/www.lebanesesaints.com\/Home\/wp-json\/wp\/v2\/media?parent=8543"}],"wp:term":[{"taxonomy":"category","embeddable":true,"href":"https:\/\/www.lebanesesaints.com\/Home\/wp-json\/wp\/v2\/categories?post=8543"},{"taxonomy":"post_tag","embeddable":true,"href":"https:\/\/www.lebanesesaints.com\/Home\/wp-json\/wp\/v2\/tags?post=8543"}],"curies":[{"name":"wp","href":"https:\/\/api.w.org\/{rel}","templated":true}]}}