{"id":8467,"date":"2011-05-17T06:30:44","date_gmt":"2011-05-17T04:30:44","guid":{"rendered":"http:\/\/www.lebanesesaints.com\/Home\/?p=8467"},"modified":"2011-05-17T06:30:44","modified_gmt":"2011-05-17T04:30:44","slug":"story-of-the-day-fr-170511","status":"publish","type":"post","link":"https:\/\/www.lebanesesaints.com\/Home\/uncategorized\/story-of-the-day-fr-170511\/","title":{"rendered":"Story of The Day FR- 17\/05\/11"},"content":{"rendered":"<p><span style=\"text-decoration: underline;\"><strong>\u00c9vangile de J\u00e9sus-Christ selon saint Jean 10,22-30.<\/strong><\/span><br \/>\n<strong>On c\u00e9l\u00e9brait \u00e0 J\u00e9rusalem l&#8217;anniversaire de la d\u00e9dicace du Temple. C&#8217;\u00e9tait l&#8217;hiver.<\/strong><br \/>\n<strong>J\u00e9sus allait et venait dans le Temple, sous la colonnade de Salomon.<\/strong><br \/>\n<strong>Les Juifs se group\u00e8rent autour de lui ; ils lui disaient : \u00ab Combien de temps vas-tu nous laisser dans le doute ? Si tu es le Messie, dis-le nous ouvertement ! \u00bb<\/strong><br \/>\n<strong>J\u00e9sus leur r\u00e9pondit : \u00ab Je vous l&#8217;ai dit, et vous ne croyez pas. Les \u0153uvres que je fais au nom de mon P\u00e8re, voil\u00e0 ce qui me rend t\u00e9moignage.<\/strong><br \/>\n<strong>Mais vous ne croyez pas, parce que vous n&#8217;\u00eates pas de mes brebis.<\/strong><br \/>\n<strong>Mes brebis \u00e9coutent ma voix ; moi, je les connais, et elles me suivent.<\/strong><br \/>\n<strong>Je leur donne la vie \u00e9ternelle : jamais elles ne p\u00e9riront, personne ne les arrachera de ma main.<\/strong><br \/>\n<strong>Mon P\u00e8re, qui me les a donn\u00e9es, est plus grand que tout, et personne ne peut rien arracher de la main du P\u00e8re.<\/strong><br \/>\n<strong>Le P\u00e8re et moi, nous sommes UN. \u00bb<\/strong><\/p>\n","protected":false},"excerpt":{"rendered":"<p>\u00c9vangile de J\u00e9sus-Christ selon saint Jean 10,22-30. On c\u00e9l\u00e9brait \u00e0 J\u00e9rusalem l&#8217;anniversaire de la d\u00e9dicace du Temple. C&#8217;\u00e9tait l&#8217;hiver. J\u00e9sus allait et venait dans le Temple, sous la colonnade de [&hellip;]<\/p>\n","protected":false},"author":1,"featured_media":0,"comment_status":"open","ping_status":"open","sticky":false,"template":"","format":"standard","meta":{"_jetpack_memberships_contains_paid_content":false,"footnotes":"","jetpack_publicize_message":"","jetpack_publicize_feature_enabled":true,"jetpack_social_post_already_shared":false,"jetpack_social_options":{"image_generator_settings":{"template":"highway","default_image_id":0,"font":"","enabled":false},"version":2}},"categories":[1],"tags":[],"class_list":["post-8467","post","type-post","status-publish","format-standard","hentry","category-uncategorized"],"jetpack_publicize_connections":[],"jetpack_featured_media_url":"","jetpack_sharing_enabled":true,"_links":{"self":[{"href":"https:\/\/www.lebanesesaints.com\/Home\/wp-json\/wp\/v2\/posts\/8467","targetHints":{"allow":["GET"]}}],"collection":[{"href":"https:\/\/www.lebanesesaints.com\/Home\/wp-json\/wp\/v2\/posts"}],"about":[{"href":"https:\/\/www.lebanesesaints.com\/Home\/wp-json\/wp\/v2\/types\/post"}],"author":[{"embeddable":true,"href":"https:\/\/www.lebanesesaints.com\/Home\/wp-json\/wp\/v2\/users\/1"}],"replies":[{"embeddable":true,"href":"https:\/\/www.lebanesesaints.com\/Home\/wp-json\/wp\/v2\/comments?post=8467"}],"version-history":[{"count":2,"href":"https:\/\/www.lebanesesaints.com\/Home\/wp-json\/wp\/v2\/posts\/8467\/revisions"}],"predecessor-version":[{"id":8477,"href":"https:\/\/www.lebanesesaints.com\/Home\/wp-json\/wp\/v2\/posts\/8467\/revisions\/8477"}],"wp:attachment":[{"href":"https:\/\/www.lebanesesaints.com\/Home\/wp-json\/wp\/v2\/media?parent=8467"}],"wp:term":[{"taxonomy":"category","embeddable":true,"href":"https:\/\/www.lebanesesaints.com\/Home\/wp-json\/wp\/v2\/categories?post=8467"},{"taxonomy":"post_tag","embeddable":true,"href":"https:\/\/www.lebanesesaints.com\/Home\/wp-json\/wp\/v2\/tags?post=8467"}],"curies":[{"name":"wp","href":"https:\/\/api.w.org\/{rel}","templated":true}]}}