{"id":7758,"date":"2011-04-08T06:28:12","date_gmt":"2011-04-08T04:28:12","guid":{"rendered":"http:\/\/www.lebanesesaints.com\/Home\/?p=7758"},"modified":"2011-04-08T06:28:12","modified_gmt":"2011-04-08T04:28:12","slug":"story-of-the-day-fr-080411","status":"publish","type":"post","link":"https:\/\/www.lebanesesaints.com\/Home\/uncategorized\/story-of-the-day-fr-080411\/","title":{"rendered":"Story of The Day FR- 08\/04\/11"},"content":{"rendered":"<p><span style=\"text-decoration: underline;\"><strong>\u00c9vangile de J\u00e9sus-Christ selon saint Jean 7,2.10.14.25-30.<\/strong><\/span><br \/>\n<strong>La f\u00eate juive des Tentes approchait.<\/strong><br \/>\n<strong>Lorsque les fr\u00e8res de J\u00e9sus furent mont\u00e9s \u00e0 J\u00e9rusalem pour la f\u00eate, il y monta lui aussi, non pas ostensiblement, mais en secret.<\/strong><br \/>\n<strong>La semaine de la f\u00eate \u00e9tait d\u00e9j\u00e0 \u00e0 moiti\u00e9 pass\u00e9e quand J\u00e9sus monta au Temple et se mit \u00e0 enseigner.<\/strong><br \/>\n<strong>Quelques habitants de J\u00e9rusalem disaient alors : \u00ab N&#8217;est-ce pas lui qu&#8217;on cherche \u00e0 faire mourir ?<\/strong><br \/>\n<strong>Le voil\u00e0 qui parle ouvertement, et personne ne lui dit rien ! Les chefs du peuple auraient-ils vraiment reconnu que c&#8217;est lui le Messie ?<\/strong><br \/>\n<strong>Mais lui, nous savons d&#8217;o\u00f9 il est. Or, lorsque le Messie viendra, personne ne saura d&#8217;o\u00f9 il est. \u00bb<\/strong><br \/>\n<strong>J\u00e9sus, qui enseignait dans le Temple, s&#8217;\u00e9cria : \u00ab Vous me connaissez ? Et vous savez d&#8217;o\u00f9 je suis ? Je ne suis pas venu de moi-m\u00eame : mais celui qui m&#8217;a envoy\u00e9 dit la v\u00e9rit\u00e9, lui que vous ne connaissez pas.<\/strong><br \/>\n<strong>Moi, je le connais parce que je viens d&#8217;aupr\u00e8s de lui, et c&#8217;est lui qui m&#8217;a envoy\u00e9. \u00bb<\/strong><br \/>\n<strong>On cherchait \u00e0 l&#8217;arr\u00eater, mais personne ne mit la main sur lui parce que son heure n&#8217;\u00e9tait pas encore venue.<\/strong><\/p>\n","protected":false},"excerpt":{"rendered":"<p>\u00c9vangile de J\u00e9sus-Christ selon saint Jean 7,2.10.14.25-30. La f\u00eate juive des Tentes approchait. Lorsque les fr\u00e8res de J\u00e9sus furent mont\u00e9s \u00e0 J\u00e9rusalem pour la f\u00eate, il y monta lui aussi, [&hellip;]<\/p>\n","protected":false},"author":1,"featured_media":0,"comment_status":"open","ping_status":"open","sticky":false,"template":"","format":"standard","meta":{"_jetpack_memberships_contains_paid_content":false,"footnotes":"","jetpack_publicize_message":"","jetpack_publicize_feature_enabled":true,"jetpack_social_post_already_shared":false,"jetpack_social_options":{"image_generator_settings":{"template":"highway","default_image_id":0,"font":"","enabled":false},"version":2}},"categories":[1],"tags":[],"class_list":["post-7758","post","type-post","status-publish","format-standard","hentry","category-uncategorized"],"jetpack_publicize_connections":[],"jetpack_featured_media_url":"","jetpack_sharing_enabled":true,"_links":{"self":[{"href":"https:\/\/www.lebanesesaints.com\/Home\/wp-json\/wp\/v2\/posts\/7758","targetHints":{"allow":["GET"]}}],"collection":[{"href":"https:\/\/www.lebanesesaints.com\/Home\/wp-json\/wp\/v2\/posts"}],"about":[{"href":"https:\/\/www.lebanesesaints.com\/Home\/wp-json\/wp\/v2\/types\/post"}],"author":[{"embeddable":true,"href":"https:\/\/www.lebanesesaints.com\/Home\/wp-json\/wp\/v2\/users\/1"}],"replies":[{"embeddable":true,"href":"https:\/\/www.lebanesesaints.com\/Home\/wp-json\/wp\/v2\/comments?post=7758"}],"version-history":[{"count":2,"href":"https:\/\/www.lebanesesaints.com\/Home\/wp-json\/wp\/v2\/posts\/7758\/revisions"}],"predecessor-version":[{"id":7767,"href":"https:\/\/www.lebanesesaints.com\/Home\/wp-json\/wp\/v2\/posts\/7758\/revisions\/7767"}],"wp:attachment":[{"href":"https:\/\/www.lebanesesaints.com\/Home\/wp-json\/wp\/v2\/media?parent=7758"}],"wp:term":[{"taxonomy":"category","embeddable":true,"href":"https:\/\/www.lebanesesaints.com\/Home\/wp-json\/wp\/v2\/categories?post=7758"},{"taxonomy":"post_tag","embeddable":true,"href":"https:\/\/www.lebanesesaints.com\/Home\/wp-json\/wp\/v2\/tags?post=7758"}],"curies":[{"name":"wp","href":"https:\/\/api.w.org\/{rel}","templated":true}]}}