{"id":6910,"date":"2011-02-19T11:10:41","date_gmt":"2011-02-19T09:10:41","guid":{"rendered":"http:\/\/www.lebanesesaints.com\/Home\/?p=6910"},"modified":"2011-02-19T11:10:41","modified_gmt":"2011-02-19T09:10:41","slug":"story-of-the-day-it-190211","status":"publish","type":"post","link":"https:\/\/www.lebanesesaints.com\/Home\/uncategorized\/story-of-the-day-it-190211\/","title":{"rendered":"Story of The Day IT- 19\/02\/11"},"content":{"rendered":"<p><strong><span style=\"text-decoration: underline;\">Dal Vangelo di Ges\u00f9 Cristo secondo Marco 9,2-13.<\/span><br \/>\nDopo sei giorni, Ges\u00f9 prese con s\u00e9 Pietro, Giacomo e Giovanni e li port\u00f2 sopra un monte alto, in un luogo appartato, loro soli. Si trasfigur\u00f2 davanti a loro<br \/>\ne le sue vesti divennero splendenti, bianchissime: nessun lavandaio sulla terra potrebbe renderle cos\u00ec bianche.<br \/>\nE apparve loro Elia con Mos\u00e8 e discorrevano con Ges\u00f9.<br \/>\nPrendendo allora la parola, Pietro disse a Ges\u00f9: \u00abMaestro, \u00e8 bello per noi stare qui; facciamo tre tende, una per te, una per Mos\u00e8 e una per Elia!\u00bb.<br \/>\nNon sapeva infatti che cosa dire, poich\u00e9 erano stati presi dallo spavento.<br \/>\nPoi si form\u00f2 una nube che li avvolse nell&#8217;ombra e usc\u00ec una voce dalla nube: \u00abQuesti \u00e8 il Figlio mio prediletto; ascoltatelo!\u00bb.<br \/>\nE subito guardandosi attorno, non videro pi\u00f9 nessuno, se non Ges\u00f9 solo con loro.<br \/>\nMentre scendevano dal monte, ordin\u00f2 loro di non raccontare a nessuno ci\u00f2 che avevano visto, se non dopo che il Figlio dell&#8217;uomo fosse risuscitato dai morti.<br \/>\nEd essi tennero per s\u00e9 la cosa, domandandosi per\u00f2 che cosa volesse dire risuscitare dai morti.<br \/>\nE lo interrogarono: \u00abPerch\u00e9 gli scribi dicono che prima deve venire Elia?\u00bb.<br \/>\nEgli rispose loro: \u00abS\u00ec, prima viene Elia e ristabilisce ogni cosa; ma come sta scritto del Figlio dell&#8217;uomo? Che deve soffrire molto ed essere disprezzato.<br \/>\nOrbene, io vi dico che Elia \u00e8 gia venuto, ma hanno fatto di lui quello che hanno voluto, come sta scritto di lui\u00bb.<br \/>\n<\/strong><\/p>\n","protected":false},"excerpt":{"rendered":"<p>Dal Vangelo di Ges\u00f9 Cristo secondo Marco 9,2-13. Dopo sei giorni, Ges\u00f9 prese con s\u00e9 Pietro, Giacomo e Giovanni e li port\u00f2 sopra un monte alto, in un luogo appartato, [&hellip;]<\/p>\n","protected":false},"author":1,"featured_media":0,"comment_status":"open","ping_status":"open","sticky":false,"template":"","format":"standard","meta":{"_jetpack_memberships_contains_paid_content":false,"footnotes":"","jetpack_publicize_message":"","jetpack_publicize_feature_enabled":true,"jetpack_social_post_already_shared":false,"jetpack_social_options":{"image_generator_settings":{"template":"highway","default_image_id":0,"font":"","enabled":false},"version":2}},"categories":[1],"tags":[],"class_list":["post-6910","post","type-post","status-publish","format-standard","hentry","category-uncategorized"],"jetpack_publicize_connections":[],"jetpack_featured_media_url":"","jetpack_sharing_enabled":true,"_links":{"self":[{"href":"https:\/\/www.lebanesesaints.com\/Home\/wp-json\/wp\/v2\/posts\/6910","targetHints":{"allow":["GET"]}}],"collection":[{"href":"https:\/\/www.lebanesesaints.com\/Home\/wp-json\/wp\/v2\/posts"}],"about":[{"href":"https:\/\/www.lebanesesaints.com\/Home\/wp-json\/wp\/v2\/types\/post"}],"author":[{"embeddable":true,"href":"https:\/\/www.lebanesesaints.com\/Home\/wp-json\/wp\/v2\/users\/1"}],"replies":[{"embeddable":true,"href":"https:\/\/www.lebanesesaints.com\/Home\/wp-json\/wp\/v2\/comments?post=6910"}],"version-history":[{"count":2,"href":"https:\/\/www.lebanesesaints.com\/Home\/wp-json\/wp\/v2\/posts\/6910\/revisions"}],"predecessor-version":[{"id":6921,"href":"https:\/\/www.lebanesesaints.com\/Home\/wp-json\/wp\/v2\/posts\/6910\/revisions\/6921"}],"wp:attachment":[{"href":"https:\/\/www.lebanesesaints.com\/Home\/wp-json\/wp\/v2\/media?parent=6910"}],"wp:term":[{"taxonomy":"category","embeddable":true,"href":"https:\/\/www.lebanesesaints.com\/Home\/wp-json\/wp\/v2\/categories?post=6910"},{"taxonomy":"post_tag","embeddable":true,"href":"https:\/\/www.lebanesesaints.com\/Home\/wp-json\/wp\/v2\/tags?post=6910"}],"curies":[{"name":"wp","href":"https:\/\/api.w.org\/{rel}","templated":true}]}}