{"id":5873,"date":"2010-12-25T09:57:46","date_gmt":"2010-12-25T07:57:46","guid":{"rendered":"http:\/\/www.lebanesesaints.com\/Home\/?p=5873"},"modified":"2010-12-25T09:57:46","modified_gmt":"2010-12-25T07:57:46","slug":"enjil-al-milad-fr-251210","status":"publish","type":"post","link":"https:\/\/www.lebanesesaints.com\/Home\/uncategorized\/enjil-al-milad-fr-251210\/","title":{"rendered":"Enjil Al Milad FR- 25\/12\/10"},"content":{"rendered":"<p><strong><span style=\"text-decoration: underline;\">\u00c9vangile de J\u00e9sus-Christ selon saint Jean 1,1-18.<\/span><br \/>\nAu commencement \u00e9tait le Verbe, la Parole de Dieu, et le Verbe \u00e9tait aupr\u00e8s de Dieu, et le Verbe \u00e9tait Dieu.<br \/>\nIl \u00e9tait au commencement aupr\u00e8s de Dieu.<br \/>\nPar lui, tout s&#8217;est fait, et rien de ce qui s&#8217;est fait ne s&#8217;est fait sans lui.<br \/>\nEn lui \u00e9tait la vie, et la vie \u00e9tait la lumi\u00e8re des hommes ;<br \/>\nla lumi\u00e8re brille dans les t\u00e9n\u00e8bres, et les t\u00e9n\u00e8bres ne l&#8217;ont pas arr\u00eat\u00e9e.<br \/>\nIl y eut un homme envoy\u00e9 par Dieu. Son nom \u00e9tait Jean.<br \/>\nIl \u00e9tait venu comme t\u00e9moin, pour rendre t\u00e9moignage \u00e0 la Lumi\u00e8re, afin que tous croient par lui.<br \/>\nCet homme n&#8217;\u00e9tait pas la Lumi\u00e8re, mais il \u00e9tait l\u00e0 pour lui rendre t\u00e9moignage.<br \/>\nLe Verbe \u00e9tait la vraie Lumi\u00e8re, qui \u00e9claire tout homme en venant dans le monde.<br \/>\nIl \u00e9tait dans le monde, lui par qui le monde s&#8217;\u00e9tait fait, mais le monde ne l&#8217;a pas reconnu.<br \/>\nIl est venu chez les siens, et les siens ne l&#8217;ont pas re\u00e7u.<br \/>\nMais tous ceux qui l&#8217;ont re\u00e7u, ceux qui croient en son nom, il leur a donn\u00e9 de pouvoir devenir enfants de Dieu.<br \/>\nIls ne sont pas n\u00e9s de la chair et du sang, ni d&#8217;une volont\u00e9 charnelle, ni d&#8217;une volont\u00e9 d&#8217;homme : ils sont n\u00e9s de Dieu.<br \/>\nEt le Verbe s&#8217;est fait chair, il a habit\u00e9 parmi nous, et nous avons vu sa gloire, la gloire qu&#8217;il tient de son P\u00e8re comme Fils unique, plein de gr\u00e2ce et de v\u00e9rit\u00e9.<br \/>\nJean Baptiste lui rend t\u00e9moignage en proclamant : \u00ab Voici celui dont j&#8217;ai dit : Lui qui vient derri\u00e8re moi, il a pris place devant moi, car avant moi il \u00e9tait. \u00bb<br \/>\nTous nous avons eu part \u00e0 sa pl\u00e9nitude, nous avons re\u00e7u gr\u00e2ce apr\u00e8s gr\u00e2ce :<br \/>\napr\u00e8s la Loi communiqu\u00e9e par Mo\u00efse, la gr\u00e2ce et la v\u00e9rit\u00e9 sont venues par J\u00e9sus Christ.<br \/>\nDieu, personne ne l&#8217;a jamais vu ; le Fils unique, qui est dans le sein du P\u00e8re, c&#8217;est lui qui a conduit \u00e0 le conna\u00eetre.<br \/>\n<\/strong><\/p>\n","protected":false},"excerpt":{"rendered":"<p>\u00c9vangile de J\u00e9sus-Christ selon saint Jean 1,1-18. Au commencement \u00e9tait le Verbe, la Parole de Dieu, et le Verbe \u00e9tait aupr\u00e8s de Dieu, et le Verbe \u00e9tait Dieu. Il \u00e9tait [&hellip;]<\/p>\n","protected":false},"author":1,"featured_media":0,"comment_status":"open","ping_status":"open","sticky":false,"template":"","format":"standard","meta":{"_jetpack_memberships_contains_paid_content":false,"footnotes":"","jetpack_publicize_message":"","jetpack_publicize_feature_enabled":true,"jetpack_social_post_already_shared":false,"jetpack_social_options":{"image_generator_settings":{"template":"highway","default_image_id":0,"font":"","enabled":false},"version":2}},"categories":[1],"tags":[],"class_list":["post-5873","post","type-post","status-publish","format-standard","hentry","category-uncategorized"],"jetpack_publicize_connections":[],"jetpack_featured_media_url":"","jetpack_sharing_enabled":true,"_links":{"self":[{"href":"https:\/\/www.lebanesesaints.com\/Home\/wp-json\/wp\/v2\/posts\/5873","targetHints":{"allow":["GET"]}}],"collection":[{"href":"https:\/\/www.lebanesesaints.com\/Home\/wp-json\/wp\/v2\/posts"}],"about":[{"href":"https:\/\/www.lebanesesaints.com\/Home\/wp-json\/wp\/v2\/types\/post"}],"author":[{"embeddable":true,"href":"https:\/\/www.lebanesesaints.com\/Home\/wp-json\/wp\/v2\/users\/1"}],"replies":[{"embeddable":true,"href":"https:\/\/www.lebanesesaints.com\/Home\/wp-json\/wp\/v2\/comments?post=5873"}],"version-history":[{"count":2,"href":"https:\/\/www.lebanesesaints.com\/Home\/wp-json\/wp\/v2\/posts\/5873\/revisions"}],"predecessor-version":[{"id":5880,"href":"https:\/\/www.lebanesesaints.com\/Home\/wp-json\/wp\/v2\/posts\/5873\/revisions\/5880"}],"wp:attachment":[{"href":"https:\/\/www.lebanesesaints.com\/Home\/wp-json\/wp\/v2\/media?parent=5873"}],"wp:term":[{"taxonomy":"category","embeddable":true,"href":"https:\/\/www.lebanesesaints.com\/Home\/wp-json\/wp\/v2\/categories?post=5873"},{"taxonomy":"post_tag","embeddable":true,"href":"https:\/\/www.lebanesesaints.com\/Home\/wp-json\/wp\/v2\/tags?post=5873"}],"curies":[{"name":"wp","href":"https:\/\/api.w.org\/{rel}","templated":true}]}}