{"id":5283,"date":"2010-11-25T10:29:52","date_gmt":"2010-11-25T08:29:52","guid":{"rendered":"http:\/\/www.lebanesesaints.com\/Home\/?p=5283"},"modified":"2010-11-25T10:29:52","modified_gmt":"2010-11-25T08:29:52","slug":"story-of-the-day-es-251110","status":"publish","type":"post","link":"https:\/\/www.lebanesesaints.com\/Home\/uncategorized\/story-of-the-day-es-251110\/","title":{"rendered":"Story of The Day ES- 25\/11\/10"},"content":{"rendered":"<p><strong><span style=\"text-decoration: underline;\">Evangelio seg\u00fan San Lucas 21,20-28.<\/span><br \/>\nCuando vean a Jerusal\u00e9n sitiada por los ej\u00e9rcitos, sepan que su ruina est\u00e1 pr\u00f3xima.<br \/>\nLos que est\u00e9n en Judea, que se refugien en las monta\u00f1as; los que est\u00e9n dentro de la ciudad, que se alejen; y los que est\u00e9n en los campos, que no vuelvan a ella.<br \/>\nPorque ser\u00e1n d\u00edas de escarmiento, en que todo lo que est\u00e1 escrito deber\u00e1 cumplirse.<br \/>\n\u00a1Ay de las que est\u00e9n embarazadas o tengan ni\u00f1os de pecho en aquellos d\u00edas! Ser\u00e1 grande la desgracia de este pa\u00eds y la ira de Dios pesar\u00e1 sobre este pueblo.<br \/>\nCaer\u00e1n al filo de la espada, ser\u00e1n llevados cautivos a todas las naciones, y Jerusal\u00e9n ser\u00e1 pisoteada por los paganos, hasta que el tiempo de los paganos llegue a su cumplimiento.<br \/>\nHabr\u00e1 se\u00f1ales en el sol, en la luna y en las estrellas; y en la tierra, los pueblos ser\u00e1n presa de la angustia ante el rugido del mar y la violencia de las olas.<br \/>\nLos hombres desfallecer\u00e1n de miedo por lo que sobrevendr\u00e1 al mundo, porque los astros se conmover\u00e1n.<br \/>\nEntonces se ver\u00e1 al Hijo del hombre venir sobre una nube, lleno de poder y de gloria.<br \/>\nCuando comience a suceder esto, tengan \u00e1nimo y levanten la cabeza, porque est\u00e1 por llegarles la liberaci\u00f3n&#8221;.<br \/>\n<\/strong><\/p>\n","protected":false},"excerpt":{"rendered":"<p>Evangelio seg\u00fan San Lucas 21,20-28. Cuando vean a Jerusal\u00e9n sitiada por los ej\u00e9rcitos, sepan que su ruina est\u00e1 pr\u00f3xima. Los que est\u00e9n en Judea, que se refugien en las monta\u00f1as; [&hellip;]<\/p>\n","protected":false},"author":1,"featured_media":0,"comment_status":"open","ping_status":"open","sticky":false,"template":"","format":"standard","meta":{"_jetpack_memberships_contains_paid_content":false,"footnotes":"","jetpack_publicize_message":"","jetpack_publicize_feature_enabled":true,"jetpack_social_post_already_shared":false,"jetpack_social_options":{"image_generator_settings":{"template":"highway","default_image_id":0,"font":"","enabled":false},"version":2}},"categories":[1],"tags":[],"class_list":["post-5283","post","type-post","status-publish","format-standard","hentry","category-uncategorized"],"jetpack_publicize_connections":[],"jetpack_featured_media_url":"","jetpack_sharing_enabled":true,"_links":{"self":[{"href":"https:\/\/www.lebanesesaints.com\/Home\/wp-json\/wp\/v2\/posts\/5283","targetHints":{"allow":["GET"]}}],"collection":[{"href":"https:\/\/www.lebanesesaints.com\/Home\/wp-json\/wp\/v2\/posts"}],"about":[{"href":"https:\/\/www.lebanesesaints.com\/Home\/wp-json\/wp\/v2\/types\/post"}],"author":[{"embeddable":true,"href":"https:\/\/www.lebanesesaints.com\/Home\/wp-json\/wp\/v2\/users\/1"}],"replies":[{"embeddable":true,"href":"https:\/\/www.lebanesesaints.com\/Home\/wp-json\/wp\/v2\/comments?post=5283"}],"version-history":[{"count":2,"href":"https:\/\/www.lebanesesaints.com\/Home\/wp-json\/wp\/v2\/posts\/5283\/revisions"}],"predecessor-version":[{"id":5296,"href":"https:\/\/www.lebanesesaints.com\/Home\/wp-json\/wp\/v2\/posts\/5283\/revisions\/5296"}],"wp:attachment":[{"href":"https:\/\/www.lebanesesaints.com\/Home\/wp-json\/wp\/v2\/media?parent=5283"}],"wp:term":[{"taxonomy":"category","embeddable":true,"href":"https:\/\/www.lebanesesaints.com\/Home\/wp-json\/wp\/v2\/categories?post=5283"},{"taxonomy":"post_tag","embeddable":true,"href":"https:\/\/www.lebanesesaints.com\/Home\/wp-json\/wp\/v2\/tags?post=5283"}],"curies":[{"name":"wp","href":"https:\/\/api.w.org\/{rel}","templated":true}]}}