{"id":39002,"date":"2017-01-04T08:15:34","date_gmt":"2017-01-04T06:15:34","guid":{"rendered":"http:\/\/www.lebanesesaints.com\/Home\/?p=39002"},"modified":"2017-01-04T08:15:34","modified_gmt":"2017-01-04T06:15:34","slug":"enjil-al-yawm-fr-040117","status":"publish","type":"post","link":"https:\/\/www.lebanesesaints.com\/Home\/uncategorized\/enjil-al-yawm-fr-040117\/","title":{"rendered":"Enjil Al Yawm FR- 04\/01\/17"},"content":{"rendered":"<p><strong>\u00c9vangile de J\u00e9sus Christ selon saint Jean 1,35-42. <\/strong><br \/>\n<strong>En ce temps-l\u00e0, Jean le Baptiste se trouvait avec deux de ses disciples.<\/strong><br \/>\n<strong>Posant son regard sur J\u00e9sus qui allait et venait, il dit : \u00ab Voici l\u2019Agneau de Dieu. \u00bb <\/strong><br \/>\n<strong>Les deux disciples entendirent ce qu\u2019il disait, et ils suivirent J\u00e9sus. <\/strong><br \/>\n<strong>Se retournant, J\u00e9sus vit qu\u2019ils le suivaient, et leur dit : \u00ab Que cherchez-vous ? \u00bb Ils lui r\u00e9pondirent : \u00ab Rabbi \u2013 ce qui veut dire : Ma\u00eetre \u2013, o\u00f9 demeures-tu ? \u00bb <\/strong><br \/>\n<strong>Il leur dit : \u00ab Venez, et vous verrez. \u00bb Ils all\u00e8rent donc, ils virent o\u00f9 il demeurait, et ils rest\u00e8rent aupr\u00e8s de lui ce jour-l\u00e0. C\u2019\u00e9tait vers la dixi\u00e8me heure (environ quatre heures de l\u2019apr\u00e8s-midi). <\/strong><br \/>\n<strong>Andr\u00e9, le fr\u00e8re de Simon-Pierre, \u00e9tait l\u2019un des deux disciples qui avaient entendu la parole de Jean et qui avaient suivi J\u00e9sus. <\/strong><br \/>\n<strong>Il trouve d\u2019abord Simon, son propre fr\u00e8re, et lui dit : \u00ab Nous avons trouv\u00e9 le Messie \u00bb \u2013 ce qui veut dire : Christ. <\/strong><br \/>\n<strong>Andr\u00e9 amena son fr\u00e8re \u00e0 J\u00e9sus. J\u00e9sus posa son regard sur lui et dit : \u00ab Tu es Simon, fils de Jean ; tu t\u2019appelleras K\u00e8phas \u00bb \u2013 ce qui veut dire : Pierre.<\/strong><\/p>\n","protected":false},"excerpt":{"rendered":"<p>\u00c9vangile de J\u00e9sus Christ selon saint Jean 1,35-42. En ce temps-l\u00e0, Jean le Baptiste se trouvait avec deux de ses disciples. Posant son regard sur J\u00e9sus qui allait et venait, [&hellip;]<\/p>\n","protected":false},"author":1,"featured_media":0,"comment_status":"open","ping_status":"open","sticky":false,"template":"","format":"standard","meta":{"_jetpack_memberships_contains_paid_content":false,"footnotes":"","jetpack_publicize_message":"","jetpack_publicize_feature_enabled":true,"jetpack_social_post_already_shared":true,"jetpack_social_options":{"image_generator_settings":{"template":"highway","default_image_id":0,"font":"","enabled":false},"version":2}},"categories":[1],"tags":[],"class_list":["post-39002","post","type-post","status-publish","format-standard","hentry","category-uncategorized"],"jetpack_publicize_connections":[],"jetpack_featured_media_url":"","jetpack_sharing_enabled":true,"_links":{"self":[{"href":"https:\/\/www.lebanesesaints.com\/Home\/wp-json\/wp\/v2\/posts\/39002","targetHints":{"allow":["GET"]}}],"collection":[{"href":"https:\/\/www.lebanesesaints.com\/Home\/wp-json\/wp\/v2\/posts"}],"about":[{"href":"https:\/\/www.lebanesesaints.com\/Home\/wp-json\/wp\/v2\/types\/post"}],"author":[{"embeddable":true,"href":"https:\/\/www.lebanesesaints.com\/Home\/wp-json\/wp\/v2\/users\/1"}],"replies":[{"embeddable":true,"href":"https:\/\/www.lebanesesaints.com\/Home\/wp-json\/wp\/v2\/comments?post=39002"}],"version-history":[{"count":1,"href":"https:\/\/www.lebanesesaints.com\/Home\/wp-json\/wp\/v2\/posts\/39002\/revisions"}],"predecessor-version":[{"id":39006,"href":"https:\/\/www.lebanesesaints.com\/Home\/wp-json\/wp\/v2\/posts\/39002\/revisions\/39006"}],"wp:attachment":[{"href":"https:\/\/www.lebanesesaints.com\/Home\/wp-json\/wp\/v2\/media?parent=39002"}],"wp:term":[{"taxonomy":"category","embeddable":true,"href":"https:\/\/www.lebanesesaints.com\/Home\/wp-json\/wp\/v2\/categories?post=39002"},{"taxonomy":"post_tag","embeddable":true,"href":"https:\/\/www.lebanesesaints.com\/Home\/wp-json\/wp\/v2\/tags?post=39002"}],"curies":[{"name":"wp","href":"https:\/\/api.w.org\/{rel}","templated":true}]}}