{"id":38960,"date":"2016-12-31T08:37:56","date_gmt":"2016-12-31T06:37:56","guid":{"rendered":"http:\/\/www.lebanesesaints.com\/Home\/?p=38960"},"modified":"2016-12-31T08:37:56","modified_gmt":"2016-12-31T06:37:56","slug":"enjil-al-yawm-fr-311216","status":"publish","type":"post","link":"https:\/\/www.lebanesesaints.com\/Home\/uncategorized\/enjil-al-yawm-fr-311216\/","title":{"rendered":"Enjil Al Yawm FR- 31\/12\/16"},"content":{"rendered":"<p><strong>\u00c9vangile de J\u00e9sus Christ selon saint Jean 1,1-18. <\/strong><br \/>\n<strong>Au commencement \u00e9tait le Verbe, et le Verbe \u00e9tait aupr\u00e8s de Dieu, et le Verbe \u00e9tait Dieu. <\/strong><br \/>\n<strong>Il \u00e9tait au commencement aupr\u00e8s de Dieu. <\/strong><br \/>\n<strong>C\u2019est par lui que tout est venu \u00e0 l\u2019existence, et rien de ce qui s\u2019est fait ne s\u2019est fait sans lui. <\/strong><br \/>\n<strong>En lui \u00e9tait la vie, et la vie \u00e9tait la lumi\u00e8re des hommes ; <\/strong><br \/>\n<strong>la lumi\u00e8re brille dans les t\u00e9n\u00e8bres, et les t\u00e9n\u00e8bres ne l\u2019ont pas arr\u00eat\u00e9e. <\/strong><br \/>\n<strong>Il y eut un homme envoy\u00e9 par Dieu ; son nom \u00e9tait Jean. <\/strong><br \/>\n<strong>Il est venu comme t\u00e9moin, pour rendre t\u00e9moignage \u00e0 la Lumi\u00e8re, afin que tous croient par lui. <\/strong><br \/>\n<strong>Cet homme n\u2019\u00e9tait pas la Lumi\u00e8re, mais il \u00e9tait l\u00e0 pour rendre t\u00e9moignage \u00e0 la Lumi\u00e8re. <\/strong><br \/>\n<strong>Le Verbe \u00e9tait la vraie Lumi\u00e8re, qui \u00e9claire tout homme en venant dans le monde. <\/strong><br \/>\n<strong>Il \u00e9tait dans le monde, et le monde \u00e9tait venu par lui \u00e0 l\u2019existence, mais le monde ne l\u2019a pas reconnu. <\/strong><br \/>\n<strong>Il est venu chez lui, et les siens ne l\u2019ont pas re\u00e7u. <\/strong><br \/>\n<strong>Mais \u00e0 tous ceux qui l\u2019ont re\u00e7u, il a donn\u00e9 de pouvoir devenir enfants de Dieu, eux qui croient en son nom. <\/strong><br \/>\n<strong>Ils ne sont pas n\u00e9s du sang, ni d\u2019une volont\u00e9 charnelle, ni d\u2019une volont\u00e9 d\u2019homme : ils sont n\u00e9s de Dieu. <\/strong><br \/>\n<strong>Et le Verbe s\u2019est fait chair, il a habit\u00e9 parmi nous, et nous avons vu sa gloire, la gloire qu\u2019il tient de son P\u00e8re comme Fils unique, plein de gr\u00e2ce et de v\u00e9rit\u00e9. <\/strong><br \/>\n<strong>Jean le Baptiste lui rend t\u00e9moignage en proclamant : \u00ab C\u2019est de lui que j\u2019ai dit : Celui qui vient derri\u00e8re moi est pass\u00e9 devant moi, car avant moi il \u00e9tait. \u00bb <\/strong><br \/>\n<strong>Tous nous avons eu part \u00e0 sa pl\u00e9nitude, nous avons re\u00e7u gr\u00e2ce apr\u00e8s gr\u00e2ce ; <\/strong><br \/>\n<strong>car la Loi fut donn\u00e9e par Mo\u00efse, la gr\u00e2ce et la v\u00e9rit\u00e9 sont venues par J\u00e9sus Christ. <\/strong><br \/>\n<strong>Dieu, personne ne l\u2019a jamais vu ; le Fils unique, lui qui est Dieu, lui qui est dans le sein du P\u00e8re, c\u2019est lui qui l\u2019a fait conna\u00eetre.<\/strong><\/p>\n","protected":false},"excerpt":{"rendered":"<p>\u00c9vangile de J\u00e9sus Christ selon saint Jean 1,1-18. Au commencement \u00e9tait le Verbe, et le Verbe \u00e9tait aupr\u00e8s de Dieu, et le Verbe \u00e9tait Dieu. Il \u00e9tait au commencement aupr\u00e8s [&hellip;]<\/p>\n","protected":false},"author":1,"featured_media":0,"comment_status":"open","ping_status":"open","sticky":false,"template":"","format":"standard","meta":{"_jetpack_memberships_contains_paid_content":false,"footnotes":"","jetpack_publicize_message":"","jetpack_publicize_feature_enabled":true,"jetpack_social_post_already_shared":true,"jetpack_social_options":{"image_generator_settings":{"template":"highway","default_image_id":0,"font":"","enabled":false},"version":2}},"categories":[1],"tags":[],"class_list":["post-38960","post","type-post","status-publish","format-standard","hentry","category-uncategorized"],"jetpack_publicize_connections":[],"jetpack_featured_media_url":"","jetpack_sharing_enabled":true,"_links":{"self":[{"href":"https:\/\/www.lebanesesaints.com\/Home\/wp-json\/wp\/v2\/posts\/38960","targetHints":{"allow":["GET"]}}],"collection":[{"href":"https:\/\/www.lebanesesaints.com\/Home\/wp-json\/wp\/v2\/posts"}],"about":[{"href":"https:\/\/www.lebanesesaints.com\/Home\/wp-json\/wp\/v2\/types\/post"}],"author":[{"embeddable":true,"href":"https:\/\/www.lebanesesaints.com\/Home\/wp-json\/wp\/v2\/users\/1"}],"replies":[{"embeddable":true,"href":"https:\/\/www.lebanesesaints.com\/Home\/wp-json\/wp\/v2\/comments?post=38960"}],"version-history":[{"count":1,"href":"https:\/\/www.lebanesesaints.com\/Home\/wp-json\/wp\/v2\/posts\/38960\/revisions"}],"predecessor-version":[{"id":38963,"href":"https:\/\/www.lebanesesaints.com\/Home\/wp-json\/wp\/v2\/posts\/38960\/revisions\/38963"}],"wp:attachment":[{"href":"https:\/\/www.lebanesesaints.com\/Home\/wp-json\/wp\/v2\/media?parent=38960"}],"wp:term":[{"taxonomy":"category","embeddable":true,"href":"https:\/\/www.lebanesesaints.com\/Home\/wp-json\/wp\/v2\/categories?post=38960"},{"taxonomy":"post_tag","embeddable":true,"href":"https:\/\/www.lebanesesaints.com\/Home\/wp-json\/wp\/v2\/tags?post=38960"}],"curies":[{"name":"wp","href":"https:\/\/api.w.org\/{rel}","templated":true}]}}