{"id":37013,"date":"2016-06-28T07:16:52","date_gmt":"2016-06-28T05:16:52","guid":{"rendered":"http:\/\/www.lebanesesaints.com\/Home\/?p=37013"},"modified":"2016-06-28T07:16:52","modified_gmt":"2016-06-28T05:16:52","slug":"enjil-al-yawm-fr-280616","status":"publish","type":"post","link":"https:\/\/www.lebanesesaints.com\/Home\/enjil\/enjil-al-yawm-fr-280616\/","title":{"rendered":"Enjil Al Yawm FR- 28\/06\/16"},"content":{"rendered":"<p><strong>\u00c9vangile de J\u00e9sus Christ selon saint Matthieu 8,23-27. <\/strong><br \/>\n<strong>En ce temps-l\u00e0, comme J\u00e9sus montait dans la barque, ses disciples le suivirent. <\/strong><br \/>\n<strong>Et voici que la mer devint tellement agit\u00e9e que la barque \u00e9tait recouverte par les vagues. Mais lui dormait. <\/strong><br \/>\n<strong>Les disciples s\u2019approch\u00e8rent et le r\u00e9veill\u00e8rent en disant : \u00ab Seigneur, sauve-nous ! Nous sommes perdus. \u00bb <\/strong><br \/>\n<strong>Mais il leur dit : \u00ab Pourquoi \u00eates-vous si craintifs, hommes de peu de foi ? \u00bb Alors, J\u00e9sus, debout, mena\u00e7a les vents et la mer, et il se fit un grand calme. <\/strong><br \/>\n<strong>Les gens furent saisis d\u2019\u00e9tonnement et disaient : \u00ab Quel est donc celui-ci, pour que m\u00eame les vents et la mer lui ob\u00e9issent ? \u00bb<\/strong><\/p>\n","protected":false},"excerpt":{"rendered":"<p>\u00c9vangile de J\u00e9sus Christ selon saint Matthieu 8,23-27. En ce temps-l\u00e0, comme J\u00e9sus montait dans la barque, ses disciples le suivirent. Et voici que la mer devint tellement agit\u00e9e que [&hellip;]<\/p>\n","protected":false},"author":1,"featured_media":0,"comment_status":"open","ping_status":"open","sticky":false,"template":"","format":"standard","meta":{"_jetpack_memberships_contains_paid_content":false,"footnotes":"","jetpack_publicize_message":"","jetpack_publicize_feature_enabled":true,"jetpack_social_post_already_shared":true,"jetpack_social_options":{"image_generator_settings":{"template":"highway","default_image_id":0,"font":"","enabled":false},"version":2}},"categories":[],"tags":[],"class_list":["post-37013","post","type-post","status-publish","format-standard","hentry"],"jetpack_publicize_connections":[],"jetpack_featured_media_url":"","jetpack_sharing_enabled":true,"_links":{"self":[{"href":"https:\/\/www.lebanesesaints.com\/Home\/wp-json\/wp\/v2\/posts\/37013","targetHints":{"allow":["GET"]}}],"collection":[{"href":"https:\/\/www.lebanesesaints.com\/Home\/wp-json\/wp\/v2\/posts"}],"about":[{"href":"https:\/\/www.lebanesesaints.com\/Home\/wp-json\/wp\/v2\/types\/post"}],"author":[{"embeddable":true,"href":"https:\/\/www.lebanesesaints.com\/Home\/wp-json\/wp\/v2\/users\/1"}],"replies":[{"embeddable":true,"href":"https:\/\/www.lebanesesaints.com\/Home\/wp-json\/wp\/v2\/comments?post=37013"}],"version-history":[{"count":1,"href":"https:\/\/www.lebanesesaints.com\/Home\/wp-json\/wp\/v2\/posts\/37013\/revisions"}],"predecessor-version":[{"id":37017,"href":"https:\/\/www.lebanesesaints.com\/Home\/wp-json\/wp\/v2\/posts\/37013\/revisions\/37017"}],"wp:attachment":[{"href":"https:\/\/www.lebanesesaints.com\/Home\/wp-json\/wp\/v2\/media?parent=37013"}],"wp:term":[{"taxonomy":"category","embeddable":true,"href":"https:\/\/www.lebanesesaints.com\/Home\/wp-json\/wp\/v2\/categories?post=37013"},{"taxonomy":"post_tag","embeddable":true,"href":"https:\/\/www.lebanesesaints.com\/Home\/wp-json\/wp\/v2\/tags?post=37013"}],"curies":[{"name":"wp","href":"https:\/\/api.w.org\/{rel}","templated":true}]}}