{"id":36981,"date":"2016-06-25T08:16:06","date_gmt":"2016-06-25T06:16:06","guid":{"rendered":"http:\/\/www.lebanesesaints.com\/Home\/?p=36981"},"modified":"2016-06-25T08:16:06","modified_gmt":"2016-06-25T06:16:06","slug":"enjil-al-yawm-fr-250616","status":"publish","type":"post","link":"https:\/\/www.lebanesesaints.com\/Home\/enjil\/enjil-al-yawm-fr-250616\/","title":{"rendered":"Enjil Al Yawm FR- 25\/06\/16"},"content":{"rendered":"<p><strong>\u00c9vangile de J\u00e9sus Christ selon saint Matthieu 8,5-17. <\/strong><br \/>\n<strong>En ce temps-l\u00e0, comme J\u00e9sus \u00e9tait entr\u00e9 \u00e0 Capharna\u00fcm, un centurion s\u2019approcha de lui et le supplia : <\/strong><br \/>\n<strong>\u00ab Seigneur, mon serviteur est couch\u00e9, \u00e0 la maison, paralys\u00e9, et il souffre terriblement. \u00bb <\/strong><br \/>\n<strong>J\u00e9sus lui dit : \u00ab Je vais aller moi-m\u00eame le gu\u00e9rir. \u00bb <\/strong><br \/>\n<strong>Le centurion reprit : \u00ab Seigneur, je ne suis pas digne que tu entres sous mon toit, mais dis seulement une parole et mon serviteur sera gu\u00e9ri. <\/strong><br \/>\n<strong>Moi-m\u00eame qui suis soumis \u00e0 une autorit\u00e9, j\u2019ai des soldats sous mes ordres ; \u00e0 l\u2019un, je dis : \u201cVa\u201d, et il va ; \u00e0 un autre : \u201cViens\u201d, et il vient, et \u00e0 mon esclave : \u201cFais ceci\u201d, et il le fait. \u00bb <\/strong><br \/>\n<strong>\u00c0 ces mots, J\u00e9sus fut dans l\u2019admiration et dit \u00e0 ceux qui le suivaient : \u00ab Amen, je vous le d\u00e9clare, chez personne en Isra\u00ebl, je n\u2019ai trouv\u00e9 une telle foi. <\/strong><br \/>\n<strong>Aussi je vous le dis : Beaucoup viendront de l\u2019orient et de l\u2019occident et prendront place avec Abraham, Isaac et Jacob au festin du royaume des Cieux, <\/strong><br \/>\n<strong>mais les fils du Royaume seront jet\u00e9s dans les t\u00e9n\u00e8bres du dehors ; l\u00e0, il y aura des pleurs et des grincements de dents. \u00bb <\/strong><br \/>\n<strong>Et J\u00e9sus dit au centurion : \u00ab Rentre chez toi, que tout se passe pour toi selon ta foi. \u00bb Et, \u00e0 l\u2019heure m\u00eame, le serviteur fut gu\u00e9ri. <\/strong><br \/>\n<strong>Comme J\u00e9sus entrait chez Pierre, dans sa maison, il vit sa belle-m\u00e8re couch\u00e9e avec de la fi\u00e8vre. <\/strong><br \/>\n<strong>Il lui toucha la main, et la fi\u00e8vre la quitta. Elle se leva, et elle le servait. <\/strong><br \/>\n<strong>Le soir venu, on pr\u00e9senta \u00e0 J\u00e9sus beaucoup de poss\u00e9d\u00e9s. D\u2019une parole, il expulsa les esprits et, tous ceux qui \u00e9taient atteints d\u2019un mal, il les gu\u00e9rit, <\/strong><br \/>\n<strong>pour que soit accomplie la parole prononc\u00e9e par le proph\u00e8te Isa\u00efe : \u2018Il a pris nos souffrances, il a port\u00e9 nos maladies.\u2019<\/strong><\/p>\n","protected":false},"excerpt":{"rendered":"<p>\u00c9vangile de J\u00e9sus Christ selon saint Matthieu 8,5-17. En ce temps-l\u00e0, comme J\u00e9sus \u00e9tait entr\u00e9 \u00e0 Capharna\u00fcm, un centurion s\u2019approcha de lui et le supplia : \u00ab Seigneur, mon serviteur [&hellip;]<\/p>\n","protected":false},"author":1,"featured_media":0,"comment_status":"open","ping_status":"open","sticky":false,"template":"","format":"standard","meta":{"_jetpack_memberships_contains_paid_content":false,"footnotes":"","jetpack_publicize_message":"","jetpack_publicize_feature_enabled":true,"jetpack_social_post_already_shared":true,"jetpack_social_options":{"image_generator_settings":{"template":"highway","default_image_id":0,"font":"","enabled":false},"version":2}},"categories":[],"tags":[],"class_list":["post-36981","post","type-post","status-publish","format-standard","hentry"],"jetpack_publicize_connections":[],"jetpack_featured_media_url":"","jetpack_sharing_enabled":true,"_links":{"self":[{"href":"https:\/\/www.lebanesesaints.com\/Home\/wp-json\/wp\/v2\/posts\/36981","targetHints":{"allow":["GET"]}}],"collection":[{"href":"https:\/\/www.lebanesesaints.com\/Home\/wp-json\/wp\/v2\/posts"}],"about":[{"href":"https:\/\/www.lebanesesaints.com\/Home\/wp-json\/wp\/v2\/types\/post"}],"author":[{"embeddable":true,"href":"https:\/\/www.lebanesesaints.com\/Home\/wp-json\/wp\/v2\/users\/1"}],"replies":[{"embeddable":true,"href":"https:\/\/www.lebanesesaints.com\/Home\/wp-json\/wp\/v2\/comments?post=36981"}],"version-history":[{"count":1,"href":"https:\/\/www.lebanesesaints.com\/Home\/wp-json\/wp\/v2\/posts\/36981\/revisions"}],"predecessor-version":[{"id":36985,"href":"https:\/\/www.lebanesesaints.com\/Home\/wp-json\/wp\/v2\/posts\/36981\/revisions\/36985"}],"wp:attachment":[{"href":"https:\/\/www.lebanesesaints.com\/Home\/wp-json\/wp\/v2\/media?parent=36981"}],"wp:term":[{"taxonomy":"category","embeddable":true,"href":"https:\/\/www.lebanesesaints.com\/Home\/wp-json\/wp\/v2\/categories?post=36981"},{"taxonomy":"post_tag","embeddable":true,"href":"https:\/\/www.lebanesesaints.com\/Home\/wp-json\/wp\/v2\/tags?post=36981"}],"curies":[{"name":"wp","href":"https:\/\/api.w.org\/{rel}","templated":true}]}}