{"id":36972,"date":"2016-06-24T07:20:17","date_gmt":"2016-06-24T05:20:17","guid":{"rendered":"http:\/\/www.lebanesesaints.com\/Home\/?p=36972"},"modified":"2016-06-24T07:20:17","modified_gmt":"2016-06-24T05:20:17","slug":"enjil-al-yawm-es-240616","status":"publish","type":"post","link":"https:\/\/www.lebanesesaints.com\/Home\/enjil\/enjil-al-yawm-es-240616\/","title":{"rendered":"Enjil Al Yawm ES- 24\/06\/16"},"content":{"rendered":"<p><strong>Evangelio seg\u00fan San Lucas 1,57-66.80. <\/strong><br \/>\n<strong>Cuando lleg\u00f3 el tiempo en que Isabel deb\u00eda ser madre, dio a luz un hijo. <\/strong><br \/>\n<strong>Al enterarse sus vecinos y parientes de la gran misericordia con que Dios la hab\u00eda tratado, se alegraban con ella. <\/strong><br \/>\n<strong>A los ocho d\u00edas, se reunieron para circuncidar al ni\u00f1o, y quer\u00edan llamarlo Zacar\u00edas, como su padre; <\/strong><br \/>\n<strong>pero la madre dijo: &#8220;No, debe llamarse Juan&#8221;. <\/strong><br \/>\n<strong>Ellos le dec\u00edan: &#8220;No hay nadie en tu familia que lleve ese nombre&#8221;. <\/strong><br \/>\n<strong>Entonces preguntaron por se\u00f1as al padre qu\u00e9 nombre quer\u00eda que le pusieran. <\/strong><br \/>\n<strong>Este pidi\u00f3 una pizarra y escribi\u00f3: &#8220;Su nombre es Juan&#8221;. Todos quedaron admirados. <\/strong><br \/>\n<strong>Y en ese mismo momento, Zacar\u00edas recuper\u00f3 el habla y comenz\u00f3 a alabar a Dios. <\/strong><br \/>\n<strong>Este acontecimiento produjo una gran impresi\u00f3n entre la gente de los alrededores, y se lo comentaba en toda la regi\u00f3n monta\u00f1osa de Judea. <\/strong><br \/>\n<strong>Todos los que se enteraron guardaban este recuerdo en su coraz\u00f3n y se dec\u00edan: &#8220;\u00bfQu\u00e9 llegar\u00e1 a ser este ni\u00f1o?&#8221;. Porque la mano del Se\u00f1or estaba con \u00e9l. <\/strong><br \/>\n<strong>El ni\u00f1o iba creciendo y se fortalec\u00eda en su esp\u00edritu; y vivi\u00f3 en lugares desiertos hasta el d\u00eda en que se manifest\u00f3 a Israel.<\/strong><\/p>\n","protected":false},"excerpt":{"rendered":"<p>Evangelio seg\u00fan San Lucas 1,57-66.80. Cuando lleg\u00f3 el tiempo en que Isabel deb\u00eda ser madre, dio a luz un hijo. Al enterarse sus vecinos y parientes de la gran misericordia [&hellip;]<\/p>\n","protected":false},"author":1,"featured_media":0,"comment_status":"open","ping_status":"open","sticky":false,"template":"","format":"standard","meta":{"_jetpack_memberships_contains_paid_content":false,"footnotes":"","jetpack_publicize_message":"","jetpack_publicize_feature_enabled":true,"jetpack_social_post_already_shared":true,"jetpack_social_options":{"image_generator_settings":{"template":"highway","default_image_id":0,"font":"","enabled":false},"version":2}},"categories":[],"tags":[],"class_list":["post-36972","post","type-post","status-publish","format-standard","hentry"],"jetpack_publicize_connections":[],"jetpack_featured_media_url":"","jetpack_sharing_enabled":true,"_links":{"self":[{"href":"https:\/\/www.lebanesesaints.com\/Home\/wp-json\/wp\/v2\/posts\/36972","targetHints":{"allow":["GET"]}}],"collection":[{"href":"https:\/\/www.lebanesesaints.com\/Home\/wp-json\/wp\/v2\/posts"}],"about":[{"href":"https:\/\/www.lebanesesaints.com\/Home\/wp-json\/wp\/v2\/types\/post"}],"author":[{"embeddable":true,"href":"https:\/\/www.lebanesesaints.com\/Home\/wp-json\/wp\/v2\/users\/1"}],"replies":[{"embeddable":true,"href":"https:\/\/www.lebanesesaints.com\/Home\/wp-json\/wp\/v2\/comments?post=36972"}],"version-history":[{"count":1,"href":"https:\/\/www.lebanesesaints.com\/Home\/wp-json\/wp\/v2\/posts\/36972\/revisions"}],"predecessor-version":[{"id":36975,"href":"https:\/\/www.lebanesesaints.com\/Home\/wp-json\/wp\/v2\/posts\/36972\/revisions\/36975"}],"wp:attachment":[{"href":"https:\/\/www.lebanesesaints.com\/Home\/wp-json\/wp\/v2\/media?parent=36972"}],"wp:term":[{"taxonomy":"category","embeddable":true,"href":"https:\/\/www.lebanesesaints.com\/Home\/wp-json\/wp\/v2\/categories?post=36972"},{"taxonomy":"post_tag","embeddable":true,"href":"https:\/\/www.lebanesesaints.com\/Home\/wp-json\/wp\/v2\/tags?post=36972"}],"curies":[{"name":"wp","href":"https:\/\/api.w.org\/{rel}","templated":true}]}}