{"id":36971,"date":"2016-06-24T07:20:25","date_gmt":"2016-06-24T05:20:25","guid":{"rendered":"http:\/\/www.lebanesesaints.com\/Home\/?p=36971"},"modified":"2016-06-24T07:20:25","modified_gmt":"2016-06-24T05:20:25","slug":"enjil-al-yawm-por-240616","status":"publish","type":"post","link":"https:\/\/www.lebanesesaints.com\/Home\/enjil\/enjil-al-yawm-por-240616\/","title":{"rendered":"Enjil Al Yawm POR- 24\/06\/16"},"content":{"rendered":"<p><strong>Evangelho segundo S. Lucas 1,57-66.80. <\/strong><br \/>\n<strong>Naquele tempo, chegou a altura de Isabel ser m\u00e3e e deu \u00e0 luz um filho.<\/strong><br \/>\n<strong>Os seus vizinhos e parentes souberam que o Senhor lhe tinha feito t\u00e3o grande benef\u00edcio e congratularam-se com ela. <\/strong><br \/>\n<strong>Oito dias depois, vieram circuncidar o menino e queriam dar-lhe o nome do pai, Zacarias. <\/strong><br \/>\n<strong>Mas a m\u00e3e interveio e disse: \u00abN\u00e3o, Ele vai chamar-se Jo\u00e3o\u00bb. <\/strong><br \/>\n<strong>Disseram-lhe: \u00abN\u00e3o h\u00e1 ningu\u00e9m da tua fam\u00edlia que tenha esse nome\u00bb. <\/strong><br \/>\n<strong>Perguntaram ent\u00e3o ao pai, por meio de sinais, como queria que o menino se chamasse. <\/strong><br \/>\n<strong>O pai pediu uma t\u00e1bua e escreveu: \u00abO seu nome \u00e9 Jo\u00e3o\u00bb. Todos ficaram admirados. <\/strong><br \/>\n<strong>Imediatamente se lhe abriu a boca e se lhe soltou a l\u00edngua e come\u00e7ou a falar, bendizendo a Deus. <\/strong><br \/>\n<strong>Todos os vizinhos se encheram de temor e por toda a regi\u00e3o montanhosa da Judeia se divulgaram estes factos. <\/strong><br \/>\n<strong>Quantos os ouviam contar guardavam-nos em seu cora\u00e7\u00e3o e diziam: \u00abQuem vir\u00e1 a ser este menino?\u00bb. Na verdade, a m\u00e3o do Senhor estava com ele. <\/strong><br \/>\n<strong>O menino ia crescendo e o seu esp\u00edrito fortalecia-se. E foi habitar no deserto at\u00e9 ao dia em que se manifestou a Israel.<\/strong><\/p>\n","protected":false},"excerpt":{"rendered":"<p>Evangelho segundo S. Lucas 1,57-66.80. Naquele tempo, chegou a altura de Isabel ser m\u00e3e e deu \u00e0 luz um filho. Os seus vizinhos e parentes souberam que o Senhor lhe [&hellip;]<\/p>\n","protected":false},"author":1,"featured_media":0,"comment_status":"open","ping_status":"open","sticky":false,"template":"","format":"standard","meta":{"_jetpack_memberships_contains_paid_content":false,"footnotes":"","jetpack_publicize_message":"","jetpack_publicize_feature_enabled":true,"jetpack_social_post_already_shared":true,"jetpack_social_options":{"image_generator_settings":{"template":"highway","default_image_id":0,"font":"","enabled":false},"version":2}},"categories":[],"tags":[],"class_list":["post-36971","post","type-post","status-publish","format-standard","hentry"],"jetpack_publicize_connections":[],"jetpack_featured_media_url":"","jetpack_sharing_enabled":true,"_links":{"self":[{"href":"https:\/\/www.lebanesesaints.com\/Home\/wp-json\/wp\/v2\/posts\/36971","targetHints":{"allow":["GET"]}}],"collection":[{"href":"https:\/\/www.lebanesesaints.com\/Home\/wp-json\/wp\/v2\/posts"}],"about":[{"href":"https:\/\/www.lebanesesaints.com\/Home\/wp-json\/wp\/v2\/types\/post"}],"author":[{"embeddable":true,"href":"https:\/\/www.lebanesesaints.com\/Home\/wp-json\/wp\/v2\/users\/1"}],"replies":[{"embeddable":true,"href":"https:\/\/www.lebanesesaints.com\/Home\/wp-json\/wp\/v2\/comments?post=36971"}],"version-history":[{"count":1,"href":"https:\/\/www.lebanesesaints.com\/Home\/wp-json\/wp\/v2\/posts\/36971\/revisions"}],"predecessor-version":[{"id":36976,"href":"https:\/\/www.lebanesesaints.com\/Home\/wp-json\/wp\/v2\/posts\/36971\/revisions\/36976"}],"wp:attachment":[{"href":"https:\/\/www.lebanesesaints.com\/Home\/wp-json\/wp\/v2\/media?parent=36971"}],"wp:term":[{"taxonomy":"category","embeddable":true,"href":"https:\/\/www.lebanesesaints.com\/Home\/wp-json\/wp\/v2\/categories?post=36971"},{"taxonomy":"post_tag","embeddable":true,"href":"https:\/\/www.lebanesesaints.com\/Home\/wp-json\/wp\/v2\/tags?post=36971"}],"curies":[{"name":"wp","href":"https:\/\/api.w.org\/{rel}","templated":true}]}}