{"id":36969,"date":"2016-06-24T07:19:57","date_gmt":"2016-06-24T05:19:57","guid":{"rendered":"http:\/\/www.lebanesesaints.com\/Home\/?p=36969"},"modified":"2016-06-24T07:19:57","modified_gmt":"2016-06-24T05:19:57","slug":"enjil-al-yawm-fr-240616","status":"publish","type":"post","link":"https:\/\/www.lebanesesaints.com\/Home\/enjil\/enjil-al-yawm-fr-240616\/","title":{"rendered":"Enjil Al Yawm FR- 24\/06\/16"},"content":{"rendered":"<p><strong>\u00c9vangile de J\u00e9sus Christ selon saint Luc 1,57-66.80. <\/strong><br \/>\n<strong>Quand fut accompli le temps o\u00f9 \u00c9lisabeth devait enfanter, elle mit au monde un fils. <\/strong><br \/>\n<strong>Ses voisins et sa famille apprirent que le Seigneur lui avait montr\u00e9 la grandeur de sa mis\u00e9ricorde, et ils se r\u00e9jouissaient avec elle. <\/strong><br \/>\n<strong>Le huiti\u00e8me jour, ils vinrent pour la circoncision de l\u2019enfant. Ils voulaient l\u2019appeler Zacharie, du nom de son p\u00e8re. <\/strong><br \/>\n<strong>Mais sa m\u00e8re prit la parole et d\u00e9clara : \u00ab Non, il s\u2019appellera Jean. \u00bb <\/strong><br \/>\n<strong>On lui dit : \u00ab Personne dans ta famille ne porte ce nom-l\u00e0 ! \u00bb <\/strong><br \/>\n<strong>On demandait par signes au p\u00e8re comment il voulait l\u2019appeler. <\/strong><br \/>\n<strong>Il se fit donner une tablette sur laquelle il \u00e9crivit : \u00ab Jean est son nom. \u00bb Et tout le monde en fut \u00e9tonn\u00e9. <\/strong><br \/>\n<strong>\u00c0 l\u2019instant m\u00eame, sa bouche s\u2019ouvrit, sa langue se d\u00e9lia : il parlait et il b\u00e9nissait Dieu. <\/strong><br \/>\n<strong>La crainte saisit alors tous les gens du voisinage et, dans toute la r\u00e9gion montagneuse de Jud\u00e9e, on racontait tous ces \u00e9v\u00e9nements. <\/strong><br \/>\n<strong>Tous ceux qui les apprenaient les conservaient dans leur c\u0153ur et disaient : \u00ab Que sera donc cet enfant ? \u00bb En effet, la main du Seigneur \u00e9tait avec lui. <\/strong><br \/>\n<strong>L\u2019enfant grandissait et son esprit se fortifiait. Il alla vivre au d\u00e9sert jusqu\u2019au jour o\u00f9 il se fit conna\u00eetre \u00e0 Isra\u00ebl.<\/strong><\/p>\n","protected":false},"excerpt":{"rendered":"<p>\u00c9vangile de J\u00e9sus Christ selon saint Luc 1,57-66.80. Quand fut accompli le temps o\u00f9 \u00c9lisabeth devait enfanter, elle mit au monde un fils. Ses voisins et sa famille apprirent que [&hellip;]<\/p>\n","protected":false},"author":1,"featured_media":0,"comment_status":"open","ping_status":"open","sticky":false,"template":"","format":"standard","meta":{"_jetpack_memberships_contains_paid_content":false,"footnotes":"","jetpack_publicize_message":"","jetpack_publicize_feature_enabled":true,"jetpack_social_post_already_shared":true,"jetpack_social_options":{"image_generator_settings":{"template":"highway","default_image_id":0,"font":"","enabled":false},"version":2}},"categories":[],"tags":[],"class_list":["post-36969","post","type-post","status-publish","format-standard","hentry"],"jetpack_publicize_connections":[],"jetpack_featured_media_url":"","jetpack_sharing_enabled":true,"_links":{"self":[{"href":"https:\/\/www.lebanesesaints.com\/Home\/wp-json\/wp\/v2\/posts\/36969","targetHints":{"allow":["GET"]}}],"collection":[{"href":"https:\/\/www.lebanesesaints.com\/Home\/wp-json\/wp\/v2\/posts"}],"about":[{"href":"https:\/\/www.lebanesesaints.com\/Home\/wp-json\/wp\/v2\/types\/post"}],"author":[{"embeddable":true,"href":"https:\/\/www.lebanesesaints.com\/Home\/wp-json\/wp\/v2\/users\/1"}],"replies":[{"embeddable":true,"href":"https:\/\/www.lebanesesaints.com\/Home\/wp-json\/wp\/v2\/comments?post=36969"}],"version-history":[{"count":1,"href":"https:\/\/www.lebanesesaints.com\/Home\/wp-json\/wp\/v2\/posts\/36969\/revisions"}],"predecessor-version":[{"id":36973,"href":"https:\/\/www.lebanesesaints.com\/Home\/wp-json\/wp\/v2\/posts\/36969\/revisions\/36973"}],"wp:attachment":[{"href":"https:\/\/www.lebanesesaints.com\/Home\/wp-json\/wp\/v2\/media?parent=36969"}],"wp:term":[{"taxonomy":"category","embeddable":true,"href":"https:\/\/www.lebanesesaints.com\/Home\/wp-json\/wp\/v2\/categories?post=36969"},{"taxonomy":"post_tag","embeddable":true,"href":"https:\/\/www.lebanesesaints.com\/Home\/wp-json\/wp\/v2\/tags?post=36969"}],"curies":[{"name":"wp","href":"https:\/\/api.w.org\/{rel}","templated":true}]}}