{"id":32103,"date":"2015-05-09T07:24:27","date_gmt":"2015-05-09T05:24:27","guid":{"rendered":"http:\/\/www.lebanesesaints.com\/Home\/?p=32103"},"modified":"2015-05-09T07:24:27","modified_gmt":"2015-05-09T05:24:27","slug":"enjil-al-yawm-fr-090515","status":"publish","type":"post","link":"https:\/\/www.lebanesesaints.com\/Home\/enjil\/enjil-al-yawm-fr-090515\/","title":{"rendered":"Enjil Al Yawm FR- 09\/05\/15"},"content":{"rendered":"<p><strong>\u00c9vangile de J\u00e9sus Christ selon saint Jean 15,18-21. <\/strong><br \/>\n<strong>En ce temps-l\u00e0, J\u00e9sus disait \u00e0 ses disciples : Si le monde a de la haine contre vous, sachez qu\u2019il en a eu d\u2019abord contre moi. <\/strong><br \/>\n<strong>Si vous apparteniez au monde, le monde aimerait ce qui est \u00e0 lui. Mais vous n\u2019appartenez pas au monde, puisque je vous ai choisis en vous prenant dans le monde ; voil\u00e0 pourquoi le monde a de la haine contre vous. <\/strong><br \/>\n<strong>Rappelez-vous la parole que je vous ai dite : un serviteur n\u2019est pas plus grand que son ma\u00eetre. Si l\u2019on m\u2019a pers\u00e9cut\u00e9, on vous pers\u00e9cutera, vous aussi. Si l\u2019on a gard\u00e9 ma parole, on gardera aussi la v\u00f4tre. <\/strong><br \/>\n<strong>Les gens vous traiteront ainsi \u00e0 cause de mon nom, parce qu\u2019ils ne connaissent pas Celui qui m\u2019a envoy\u00e9.<\/strong><\/p>\n","protected":false},"excerpt":{"rendered":"<p>\u00c9vangile de J\u00e9sus Christ selon saint Jean 15,18-21. En ce temps-l\u00e0, J\u00e9sus disait \u00e0 ses disciples : Si le monde a de la haine contre vous, sachez qu\u2019il en a [&hellip;]<\/p>\n","protected":false},"author":1,"featured_media":0,"comment_status":"open","ping_status":"open","sticky":false,"template":"","format":"standard","meta":{"_jetpack_memberships_contains_paid_content":false,"footnotes":"","jetpack_publicize_message":"","jetpack_publicize_feature_enabled":true,"jetpack_social_post_already_shared":true,"jetpack_social_options":{"image_generator_settings":{"template":"highway","default_image_id":0,"font":"","enabled":false},"version":2}},"categories":[],"tags":[],"class_list":["post-32103","post","type-post","status-publish","format-standard","hentry"],"jetpack_publicize_connections":[],"jetpack_featured_media_url":"","jetpack_sharing_enabled":true,"_links":{"self":[{"href":"https:\/\/www.lebanesesaints.com\/Home\/wp-json\/wp\/v2\/posts\/32103","targetHints":{"allow":["GET"]}}],"collection":[{"href":"https:\/\/www.lebanesesaints.com\/Home\/wp-json\/wp\/v2\/posts"}],"about":[{"href":"https:\/\/www.lebanesesaints.com\/Home\/wp-json\/wp\/v2\/types\/post"}],"author":[{"embeddable":true,"href":"https:\/\/www.lebanesesaints.com\/Home\/wp-json\/wp\/v2\/users\/1"}],"replies":[{"embeddable":true,"href":"https:\/\/www.lebanesesaints.com\/Home\/wp-json\/wp\/v2\/comments?post=32103"}],"version-history":[{"count":1,"href":"https:\/\/www.lebanesesaints.com\/Home\/wp-json\/wp\/v2\/posts\/32103\/revisions"}],"predecessor-version":[{"id":32107,"href":"https:\/\/www.lebanesesaints.com\/Home\/wp-json\/wp\/v2\/posts\/32103\/revisions\/32107"}],"wp:attachment":[{"href":"https:\/\/www.lebanesesaints.com\/Home\/wp-json\/wp\/v2\/media?parent=32103"}],"wp:term":[{"taxonomy":"category","embeddable":true,"href":"https:\/\/www.lebanesesaints.com\/Home\/wp-json\/wp\/v2\/categories?post=32103"},{"taxonomy":"post_tag","embeddable":true,"href":"https:\/\/www.lebanesesaints.com\/Home\/wp-json\/wp\/v2\/tags?post=32103"}],"curies":[{"name":"wp","href":"https:\/\/api.w.org\/{rel}","templated":true}]}}