{"id":23382,"date":"2013-07-19T08:56:22","date_gmt":"2013-07-19T06:56:22","guid":{"rendered":"http:\/\/www.lebanesesaints.com\/Home\/?p=23382"},"modified":"2013-07-19T08:56:22","modified_gmt":"2013-07-19T06:56:22","slug":"enjil-al-yawm-fr-190713","status":"publish","type":"post","link":"https:\/\/www.lebanesesaints.com\/Home\/enjil\/enjil-al-yawm-fr-190713\/","title":{"rendered":"Enjil Al Yawm FR- 19\/07\/13"},"content":{"rendered":"<p><span style=\"text-decoration: underline;\"><strong>\u00c9vangile de J\u00e9sus Christ selon saint Matthieu\u00a0<span dir=\"ltr\">12,1-8.<\/span>\u00a0<\/strong><\/span><br \/>\n<strong>En ce temps-l\u00e0, J\u00e9sus passait, un jour de sabbat, \u00e0 travers les champs de bl\u00e9, et ses disciples eurent faim ; ils se mirent \u00e0 arracher des \u00e9pis et \u00e0 les manger.\u00a0<\/strong><br \/>\n<strong>En voyant cela, les pharisiens lui dirent\u00a0: \u00ab\u00a0Voil\u00e0 que tes disciples font ce qu&#8217;il n&#8217;est pas permis de faire le jour du sabbat\u00a0!\u00a0\u00bb\u00a0<\/strong><br \/>\n<strong>Mais il leur r\u00e9pondit\u00a0: \u00ab\u00a0N&#8217;avez-vous pas lu ce que fit David, quand il eut faim, ainsi que ses compagnons\u00a0?\u00a0<\/strong><br \/>\n<strong>Il entra dans la maison de Dieu, et ils mang\u00e8rent les pains de l&#8217;offrande\u00a0; or, cela n&#8217;\u00e9tait permis ni \u00e0 lui, ni \u00e0 ses compagnons, mais aux pr\u00eatres seulement.\u00a0<\/strong><br \/>\n<strong>Ou bien encore, n&#8217;avez-vous pas lu dans la Loi que le jour du sabbat, les pr\u00eatres, dans le Temple, manquent au repos du sabbat sans commettre aucune faute\u00a0?\u00a0<\/strong><br \/>\n<strong>Or, je vous le dis\u00a0: il y a ici plus grand que le Temple.\u00a0<\/strong><br \/>\n<strong>Si vous aviez compris ce que veut dire cette parole\u00a0: C&#8217;est la mis\u00e9ricorde que je d\u00e9sire, et non les sacrifices,\u00a0<\/strong><br \/>\n<strong>vous n&#8217;auriez pas condamn\u00e9 ceux qui n&#8217;ont commis aucune faute. Car le Fils de l&#8217;homme est ma\u00eetre du sabbat.\u00a0\u00bb\u00a0<\/strong><\/p>\n","protected":false},"excerpt":{"rendered":"<p>\u00c9vangile de J\u00e9sus Christ selon saint Matthieu\u00a012,1-8.\u00a0 En ce temps-l\u00e0, J\u00e9sus passait, un jour de sabbat, \u00e0 travers les champs de bl\u00e9, et ses disciples eurent faim ; ils se [&hellip;]<\/p>\n","protected":false},"author":1,"featured_media":0,"comment_status":"open","ping_status":"open","sticky":false,"template":"","format":"standard","meta":{"_jetpack_memberships_contains_paid_content":false,"footnotes":"","jetpack_publicize_message":"","jetpack_publicize_feature_enabled":true,"jetpack_social_post_already_shared":false,"jetpack_social_options":{"image_generator_settings":{"template":"highway","default_image_id":0,"font":"","enabled":false},"version":2}},"categories":[],"tags":[],"class_list":["post-23382","post","type-post","status-publish","format-standard","hentry"],"jetpack_publicize_connections":[],"jetpack_featured_media_url":"","jetpack_sharing_enabled":true,"_links":{"self":[{"href":"https:\/\/www.lebanesesaints.com\/Home\/wp-json\/wp\/v2\/posts\/23382","targetHints":{"allow":["GET"]}}],"collection":[{"href":"https:\/\/www.lebanesesaints.com\/Home\/wp-json\/wp\/v2\/posts"}],"about":[{"href":"https:\/\/www.lebanesesaints.com\/Home\/wp-json\/wp\/v2\/types\/post"}],"author":[{"embeddable":true,"href":"https:\/\/www.lebanesesaints.com\/Home\/wp-json\/wp\/v2\/users\/1"}],"replies":[{"embeddable":true,"href":"https:\/\/www.lebanesesaints.com\/Home\/wp-json\/wp\/v2\/comments?post=23382"}],"version-history":[{"count":2,"href":"https:\/\/www.lebanesesaints.com\/Home\/wp-json\/wp\/v2\/posts\/23382\/revisions"}],"predecessor-version":[{"id":23394,"href":"https:\/\/www.lebanesesaints.com\/Home\/wp-json\/wp\/v2\/posts\/23382\/revisions\/23394"}],"wp:attachment":[{"href":"https:\/\/www.lebanesesaints.com\/Home\/wp-json\/wp\/v2\/media?parent=23382"}],"wp:term":[{"taxonomy":"category","embeddable":true,"href":"https:\/\/www.lebanesesaints.com\/Home\/wp-json\/wp\/v2\/categories?post=23382"},{"taxonomy":"post_tag","embeddable":true,"href":"https:\/\/www.lebanesesaints.com\/Home\/wp-json\/wp\/v2\/tags?post=23382"}],"curies":[{"name":"wp","href":"https:\/\/api.w.org\/{rel}","templated":true}]}}