{"id":14191,"date":"2012-03-23T10:30:18","date_gmt":"2012-03-23T08:30:18","guid":{"rendered":"http:\/\/www.lebanesesaints.com\/Home\/?p=14191"},"modified":"2012-03-23T10:30:18","modified_gmt":"2012-03-23T08:30:18","slug":"enjil-al-yawm-it-230312","status":"publish","type":"post","link":"https:\/\/www.lebanesesaints.com\/Home\/uncategorized\/enjil-al-yawm-it-230312\/","title":{"rendered":"Enjil Al Yawm IT- 23\/03\/12"},"content":{"rendered":"<p><span style=\"text-decoration: underline;\"><strong>Dal Vangelo di Ges\u00f9 Cristo secondo Giovanni 7,1-2.10.25-30.<\/strong><\/span><br \/>\n<strong>Dopo questi fatti Ges\u00f9 se ne andava per la Galilea; infatti non voleva pi\u00f9 andare per la Giudea, perch\u00e9 i Giudei cercavano di ucciderlo.<\/strong><br \/>\n<strong>Si avvicinava intanto la festa dei Giudei, detta delle Capanne;<\/strong><br \/>\n<strong>Ma andati i suoi fratelli alla festa, allora vi and\u00f2 anche lui; non apertamente per\u00f2: di nascosto.<\/strong><br \/>\n<strong>Intanto alcuni di Gerusalemme dicevano: \u00abNon \u00e8 costui quello che cercano di uccidere?<\/strong><br \/>\n<strong>Ecco, egli parla liberamente, e non gli dicono niente. Che forse i capi abbiano riconosciuto davvero che egli \u00e8 il Cristo?<\/strong><br \/>\n<strong>Ma costui sappiamo di dov&#8217;\u00e8; il Cristo invece, quando verr\u00e0, nessuno sapr\u00e0 di dove sia\u00bb.<\/strong><br \/>\n<strong>Ges\u00f9 allora, mentre insegnava nel tempio, esclam\u00f2: \u00abCerto, voi mi conoscete e sapete di dove sono. Eppure io non sono venuto da me e chi mi ha mandato \u00e8 veritiero, e voi non lo conoscete.<\/strong><br \/>\n<strong>Io per\u00f2 lo conosco, perch\u00e9 vengo da lui ed egli mi ha mandato\u00bb.<\/strong><br \/>\n<strong>Allora cercarono di arrestarlo, ma nessuno riusc\u00ec a mettergli le mani addosso, perch\u00e9 non era ancora giunta la sua ora. <\/strong><\/p>\n","protected":false},"excerpt":{"rendered":"<p>Dal Vangelo di Ges\u00f9 Cristo secondo Giovanni 7,1-2.10.25-30. Dopo questi fatti Ges\u00f9 se ne andava per la Galilea; infatti non voleva pi\u00f9 andare per la Giudea, perch\u00e9 i Giudei cercavano [&hellip;]<\/p>\n","protected":false},"author":1,"featured_media":0,"comment_status":"open","ping_status":"open","sticky":false,"template":"","format":"standard","meta":{"_jetpack_memberships_contains_paid_content":false,"footnotes":"","jetpack_publicize_message":"","jetpack_publicize_feature_enabled":true,"jetpack_social_post_already_shared":false,"jetpack_social_options":{"image_generator_settings":{"template":"highway","default_image_id":0,"font":"","enabled":false},"version":2}},"categories":[1],"tags":[],"class_list":["post-14191","post","type-post","status-publish","format-standard","hentry","category-uncategorized"],"jetpack_publicize_connections":[],"jetpack_featured_media_url":"","jetpack_sharing_enabled":true,"_links":{"self":[{"href":"https:\/\/www.lebanesesaints.com\/Home\/wp-json\/wp\/v2\/posts\/14191","targetHints":{"allow":["GET"]}}],"collection":[{"href":"https:\/\/www.lebanesesaints.com\/Home\/wp-json\/wp\/v2\/posts"}],"about":[{"href":"https:\/\/www.lebanesesaints.com\/Home\/wp-json\/wp\/v2\/types\/post"}],"author":[{"embeddable":true,"href":"https:\/\/www.lebanesesaints.com\/Home\/wp-json\/wp\/v2\/users\/1"}],"replies":[{"embeddable":true,"href":"https:\/\/www.lebanesesaints.com\/Home\/wp-json\/wp\/v2\/comments?post=14191"}],"version-history":[{"count":2,"href":"https:\/\/www.lebanesesaints.com\/Home\/wp-json\/wp\/v2\/posts\/14191\/revisions"}],"predecessor-version":[{"id":14197,"href":"https:\/\/www.lebanesesaints.com\/Home\/wp-json\/wp\/v2\/posts\/14191\/revisions\/14197"}],"wp:attachment":[{"href":"https:\/\/www.lebanesesaints.com\/Home\/wp-json\/wp\/v2\/media?parent=14191"}],"wp:term":[{"taxonomy":"category","embeddable":true,"href":"https:\/\/www.lebanesesaints.com\/Home\/wp-json\/wp\/v2\/categories?post=14191"},{"taxonomy":"post_tag","embeddable":true,"href":"https:\/\/www.lebanesesaints.com\/Home\/wp-json\/wp\/v2\/tags?post=14191"}],"curies":[{"name":"wp","href":"https:\/\/api.w.org\/{rel}","templated":true}]}}